{"id":407,"date":"2020-10-04T23:15:38","date_gmt":"2020-10-04T21:15:38","guid":{"rendered":"https:\/\/sv-rhade.de\/?p=407"},"modified":"2021-06-20T12:41:52","modified_gmt":"2021-06-20T10:41:52","slug":"praeventionskurs-haltung-und-bewegung-ab-dem-19-11-2020","status":"publish","type":"post","link":"https:\/\/sv-rhade.de\/?p=407","title":{"rendered":"Pr\u00e4ventionskurs &#8222;Haltung und Bewegung&#8220; ab dem 19.08.2021"},"content":{"rendered":"<h1>Haltung und Bewegung durch Ganzk\u00f6rperkr\u00e4ftigung<\/h1>\n<blockquote><p><b><i>\u201eBewegung ist das wirksamste und kosteng\u00fcnstigste Medikament f\u00fcr Ihre Gesundheit.\u201c<\/i><\/b><\/p><\/blockquote>\n<p><b>Schluss mit dem inneren Schweinhund! Jetzt aktiv werden!<\/b><\/p>\n<p>Sie sitzen viel, bewegen sich im Alltag zu wenig und sind \u00f6fter gestresst? Mit dem Pr\u00e4ventionskurs k\u00f6nnen Sie etwas f\u00fcr sich, ihre Haltung und ihre Gesundheit tun. Im Kurs erlernen Sie effektive und vielseitige \u00dcbungen, die zum Gleichgewicht der verschiedenen Muskelgruppen beitragen. Schw\u00e4chere Muskulatur wird gest\u00e4rkt, verk\u00fcrzte Muskelgruppen werden gedehnt. Zum Erhalt der Beweglichkeit und St\u00e4rkung einer aufrechten Haltung liegt der Schwerpunkt auf der Kr\u00e4ftigung des ganzen K\u00f6rpers. Mit der gezielten Wissensvermittlung bekommen Sie immer Hilfestellungen wie Sie Ihren Alltag aktiver und gesundheitsf\u00f6rderlich gestalten k\u00f6nnen. Dazu geh\u00f6rt auch die Vermittlung von ausgew\u00e4hlten Dehn\u00fcbungen, die ihr Wohlbefinden steigern. In der Gruppe erleben Sie, dass die Kombination aus Kr\u00e4ftigungs-, Dehnungs- und Entspannungs\u00fcbungen Spa\u00df macht und Sie \u00fcber den Kurs hinaus f\u00fcr Bewegung in Ihrem Alltag motiviert sind.<\/p>\n<div>\n<div id=\"cc-m-textwithimage-15113775896\" class=\"cc-m-textwithimage-inline-rte\" data-name=\"text\" data-action=\"text\">\n<p>Das <strong>Qualit\u00e4tssiegel SPORT PRO GESUNDHEIT<\/strong> zeichnet gesundheitsorientierte Sportangebote aus und wurde vom DOSB gemeinsam mit der Bundes\u00e4rztekammer entwickelt. Um das Siegel f\u00fcr ein Angebot zu erhalten, m\u00fcssen der Kurs, der \u00dcbungsleiter sowie der anbietende Verein bestimmte <a title=\"http:\/\/www.dosb.de\/index.php?id=14027\" href=\"https:\/\/cdn.dosb.de\/user_upload\/Sport_pro_Gesundheit\/SPG\/Qualitaetskriterien_zur_Vergabe_des_Qualitaetssiegels_SPG.pdf\" target=\"_blank\" rel=\"noopener noreferrer\">Qualit\u00e4tskriterien<\/a> erf\u00fcllen.<\/p>\n<p>Die Angebote richten sich in erster Linie an Menschen, die lange nicht mehr Sport getrieben haben, um sie auf ihrem Weg vom \u201eNicht-Sportler\u201c zum \u201ePr\u00e4ventionssportler\u201c zu begleiten.<\/p>\n<p>Angebote, die dar\u00fcber hinaus auch von der Zentralen Pr\u00fcfstelle Pr\u00e4vention zertifiziert wurden, tragen das <strong>Siegel Deutscher Standard Pr\u00e4vention<\/strong> und werden von den gesetzlichen Krankenkassen bezuschusst. Versicherte k\u00f6nnen sich dadurch <strong>75 \u2013 100 % der Kursgeb\u00fchr erstatten lassen<\/strong>.\u00a0Wie viel genau und wie oft im Jahr kann bei der jeweiligen Krankenkasse erfragt werden.<\/p>\n<hr \/>\n<\/div>\n<\/div>\n<h1>Termine und Kosten<\/h1>\n<p><b>Der Kurs umfasst 10 Einheiten zu je 60 Minuten und findet immer donnerstags (auch in den Herbstferien!) um 19:15 Uhr in der Sporthalle an der Erler Stra\u00dfe 32 in Dorsten-Rhade statt.<\/b><\/p>\n<p>Termine:<\/p>\n<p>19.08. | 26.08. | 02.09. | 09.09. | 16.09. | 23.09. | 30.09.\u00a0 | 07.10. | 14.10. | 21.10.<\/p>\n<p>Die Kursgeb\u00fchr betr\u00e4gt 50,00 \u20ac.<\/p>\n<p><span style=\"font-size: 8pt;\">Falls der Kurs aufgrund der SARS-CoV-II Pandemie entfallen muss, werden die Geb\u00fchren in vollem Umfang erstattet. Falls der Kurs unterbrochen werden muss, werden fehlende Termine nachgeholt. Sollte der Kurs seitens des SV Rhade abgebrochen werden m\u00fcssen, werden entfallene Termin mit 4,00 \u20ac erstattet.<\/span><\/p>\n<p>Der Kurs wird von <a href=\"http:\/\/sv-rhade.de\/?page_id=91\" target=\"_blank\" rel=\"noopener noreferrer\">Maik Walpuski<\/a> geleitet. Maik Walpuski ist u.a. B-\u00dcbungsleiter im Pr\u00e4ventionssport und B-Fitnesstrainer.<\/p>\n<hr \/>\n<h1>Anmeldeverfahren<\/h1>\n<p><strong>Verbindliche Reservierungen<\/strong> sind ausschlie\u00dflich online m\u00f6glich. Dabei muss ein Kursplatz in unserem Shop gekauft\u00a0<strong>und<\/strong> das Anmeldeformular ausgef\u00fcllt werden. Wenn ein freier Platz reserviert wurde, muss anschlie\u00dfend noch die <strong>Kursgeb\u00fchr<\/strong> auf unser Konto <strong><span id=\"calculator_iban_ergebnis\">DE10 4006 9709 0809 6086 02<\/span><\/strong><br \/>\n\u00fcberwiesen werden. Alternativ kann auch per <strong>Paypal<\/strong> bezahlt werden: <a href=\"https:\/\/paypal.me\/svrhade?locale.x=de_DE\" target=\"_blank\" rel=\"noopener noreferrer\">paypal.me\/svrhade<\/a> * oder eine <strong>Rechnung angefordert<\/strong> werden. <strong>Bitte die Zahlungweise im Anmeldeformular zur Buchung angeben.<\/strong><\/p>\n<p><strong><span style=\"color: #ff6600;\">F\u00fcr Teilnehmer des aus Pandemiegr\u00fcnden abgebrochenen Kurses im Herbst 2020 ist die Teilnahme an diesem Kurs kostenlos!<\/span><\/strong><\/p>\n<p>R\u00fcckfragen k\u00f6nnen gerne unter walpuski@sv-rhade.de gestellt werden.<\/p>\n<p>F\u00fcr den Kurs muss eine Gymnastikmatte und eine Faszienrolle mitgebracht werden. Jede rutschfeste Matte und jede Faszienrolle ist geeignet. Bis eine Woche vor Kursbeginn kann eine Qualit\u00e4ts-Matte bzw. Rolle der Firma BLACKROLL zum Vorzugspreis bei uns erworben werden.<\/p>\n<p><a href=\"https:\/\/sv-rhade.de\/?event=praeventionskurs-haltung-und-bewegung\">Kursanmeldung<\/a><\/p>\n<p><a href=\"https:\/\/sv-rhade.de\/?event=matte-kaufen\">Bestellung Matte<\/a><\/p>\n<p><a href=\"https:\/\/sv-rhade.de\/?event=matte-kaufen-2\">Bestellung Rolle<\/a><\/p>\n<hr \/>\n<h1>Fragen und Antworten<\/h1>\n<p><b>Muss ich sportlich sein, um mitzumachen?<br \/>\n<\/b>Nein, auch Neu- und Wiedereinsteiger sind im Kurs herzlich willkommen.<\/p>\n<p><b>Was muss ich mitbringen?<br \/>\n<\/b>Sportkleidung, Hallenschuhe, Mineralwasser oder Apfelschorle (bitte nicht in Glasflaschen) und ein gro\u00dfes Handtuch sowie eine Matte und Faszienrolle.<\/p>\n<p><b>Kann ich mich in der Sporthalle umziehen bzw. duschen?<\/b><br \/>\nUmziehen in der Halle ist prinzipiell m\u00f6glich. Aufgrund aktueller Infektionsschutzregeln k\u00f6nnen sich aber nur 3 M\u00e4nner und 3 Frauen gleichzeitig umziehen. Wir bitte daher darum, m\u00f6glichst nur die Schuhe zu wechseln und in Sportkleidung zum Kurs zu kommen. Die Duschen sind derzeit gesperrt.<\/p>\n<p><b>Darf ich mit Vorerkrankungen teilnehmen?<\/b><br \/>\nBitte beachten Sie den Gesundheitscheck auf unsere Internetseite. Wenn Sie dort Fragen mit \u201eja\u201c beantwortet haben, kl\u00e4ren Sie bitte mit Ihrem Arzt ab, ob eine Teilnahme m\u00f6glich bzw. sinnvoll ist.<\/p>\n<p><b>Muss meine Krankenkasse den Kurs bezahlen?<br \/>\n<\/b>Nein, es handelt sich um eine \u201eKann\u201c-Leistung. Viele gesetzliche Kassen \u00fcbernehmen die Kosten aber anteilig oder sogar vollst\u00e4ndig.<\/p>\n<p><b>Findet der Kurs garantiert statt?<br \/>\n<\/b>Da wir als gemeinn\u00fctziger Verein zumindest kostendeckend arbeiten m\u00fcssen, kann der Kurs nur stattfinden, wenn sich mindestens 6 Teilnehmer\/-innen anmelden. Es k\u00f6nnen maximal 14 Teilnehmer\/-innen den Kurs besuchen.<\/p>\n<p><b>Was unterscheidet den Kurs von anderen Sportangeboten?<\/b><br \/>\nDer Kurs wird von im Pr\u00e4ventionssport besonders ausgebildeten \u00dcbungsleitern geleitet. In der Kursstunde werden nicht nur sportliche \u00dcbungen durchgef\u00fchrt, sondern es wird auch Gesundheitswissen vermittelt. Sie erhalten auch Informationsmaterial, das Sie mit nach Hause nehmen k\u00f6nnen.<\/p>\n<p><strong>Gelten aufgrund von SARS-CoV-2 besondere Regeln? Wie werden die TN gesch\u00fctzt?<\/strong><\/p>\n<ul>\n<li>Wir beachten selbstverst\u00e4ndlich die aktuell g\u00fcltigen Schutzma\u00dfnahmen. In der Halle wird ein <strong>Abstand<\/strong> von mindestens 1,5 m eingehalten. Wir versuchen die Halle bestm\u00f6glich zu <strong>bel\u00fcften<\/strong>.<\/li>\n<li>Jeder Teilnehmende bringt seine<strong> eigenen Handt\u00fccher und Getr\u00e4nke<\/strong> (bitte keine Glasflaschen) zur Sporteinheit mit. Diese sind nach M\u00f6glichkeit namentlich gekennzeichnet.<\/li>\n<li>Jeder Teilnehmende bringt eine <strong>eigene Matte<\/strong> mit.<br \/>\n<hr \/>\n<h1>Downloads zum Kurs<\/h1>\n<\/li>\n<\/ul>\n<ul>\n<li><a href=\"https:\/\/sv-rhade.de\/wp-content\/uploads\/2017\/10\/Gesundheits-Check_Eingangsfragebogen_fuer_Sporttreibende.pdf\" target=\"_blank\" rel=\"noopener noreferrer\">Gesundheitcheck<\/a><\/li>\n<li><a href=\"https:\/\/sv-rhade.de\/wp-content\/uploads\/2020\/10\/Urkunde_Haltung-und-Bewegung-durch-Ganzkoerperkraeftigung-46760-scaled.jpg\" target=\"_blank\" rel=\"noopener noreferrer\">Urkunde DOSB<\/a><\/li>\n<li><a href=\"https:\/\/sv-rhade.de\/wp-content\/uploads\/2020\/10\/zertifikat_20201005-1239780.pdf\" target=\"_blank\" rel=\"noopener noreferrer\">Kurszertifikat<\/a><\/li>\n<\/ul>\n","protected":false},"excerpt":{"rendered":"<p>Haltung und Bewegung durch Ganzk\u00f6rperkr\u00e4ftigung \u201eBewegung ist das wirksamste und kosteng\u00fcnstigste Medikament f\u00fcr Ihre Gesundheit.\u201c Schluss mit dem inneren Schweinhund! Jetzt aktiv werden! Sie sitzen viel, bewegen sich im Alltag zu wenig und sind \u00f6fter gestresst? Mit dem Pr\u00e4ventionskurs k\u00f6nnen Sie etwas f\u00fcr sich, ihre Haltung und ihre Gesundheit tun. Im Kurs erlernen Sie effektive [&hellip;]<\/p>\n","protected":false},"author":1,"featured_media":129,"comment_status":"closed","ping_status":"open","sticky":false,"template":"","format":"standard","meta":{"_regular_price":[],"currency_symbol":[],"pmpro_default_level":"","footnotes":""},"categories":[1],"tags":[],"class_list":["post-407","post","type-post","status-publish","format-standard","has-post-thumbnail","hentry","category-uncategorized","pmpro-has-access"],"post_slider_layout_featured_media_urls":{"thumbnail":["https:\/\/sv-rhade.de\/wp-content\/uploads\/2018\/02\/DOSB_Siegel_SPG_Farbe_01-150x150.png",150,150,true],"post_slider_layout_landscape_large":["https:\/\/sv-rhade.de\/wp-content\/uploads\/2018\/02\/DOSB_Siegel_SPG_Farbe_01.png",268,201,false],"post_slider_layout_portrait_large":["https:\/\/sv-rhade.de\/wp-content\/uploads\/2018\/02\/DOSB_Siegel_SPG_Farbe_01.png",268,201,false],"post_slider_layout_square_large":["https:\/\/sv-rhade.de\/wp-content\/uploads\/2018\/02\/DOSB_Siegel_SPG_Farbe_01.png",268,201,false],"post_slider_layout_landscape":["https:\/\/sv-rhade.de\/wp-content\/uploads\/2018\/02\/DOSB_Siegel_SPG_Farbe_01.png",268,201,false],"post_slider_layout_portrait":["https:\/\/sv-rhade.de\/wp-content\/uploads\/2018\/02\/DOSB_Siegel_SPG_Farbe_01.png",268,201,false],"post_slider_layout_square":["https:\/\/sv-rhade.de\/wp-content\/uploads\/2018\/02\/DOSB_Siegel_SPG_Farbe_01.png",268,201,false],"full":["https:\/\/sv-rhade.de\/wp-content\/uploads\/2018\/02\/DOSB_Siegel_SPG_Farbe_01.png",268,201,false]},"_links":{"self":[{"href":"https:\/\/sv-rhade.de\/index.php?rest_route=\/wp\/v2\/posts\/407","targetHints":{"allow":["GET"]}}],"collection":[{"href":"https:\/\/sv-rhade.de\/index.php?rest_route=\/wp\/v2\/posts"}],"about":[{"href":"https:\/\/sv-rhade.de\/index.php?rest_route=\/wp\/v2\/types\/post"}],"author":[{"embeddable":true,"href":"https:\/\/sv-rhade.de\/index.php?rest_route=\/wp\/v2\/users\/1"}],"replies":[{"embeddable":true,"href":"https:\/\/sv-rhade.de\/index.php?rest_route=%2Fwp%2Fv2%2Fcomments&post=407"}],"version-history":[{"count":24,"href":"https:\/\/sv-rhade.de\/index.php?rest_route=\/wp\/v2\/posts\/407\/revisions"}],"predecessor-version":[{"id":427,"href":"https:\/\/sv-rhade.de\/index.php?rest_route=\/wp\/v2\/posts\/407\/revisions\/427"}],"wp:featuredmedia":[{"embeddable":true,"href":"https:\/\/sv-rhade.de\/index.php?rest_route=\/wp\/v2\/media\/129"}],"wp:attachment":[{"href":"https:\/\/sv-rhade.de\/index.php?rest_route=%2Fwp%2Fv2%2Fmedia&parent=407"}],"wp:term":[{"taxonomy":"category","embeddable":true,"href":"https:\/\/sv-rhade.de\/index.php?rest_route=%2Fwp%2Fv2%2Fcategories&post=407"},{"taxonomy":"post_tag","embeddable":true,"href":"https:\/\/sv-rhade.de\/index.php?rest_route=%2Fwp%2Fv2%2Ftags&post=407"}],"curies":[{"name":"wp","href":"https:\/\/api.w.org\/{rel}","templated":true}]}}